{"id":23264,"date":"2023-05-17T11:27:26","date_gmt":"2023-05-17T09:27:26","guid":{"rendered":"https:\/\/www.zum.de\/portal\/?p=23264"},"modified":"2023-05-17T11:42:26","modified_gmt":"2023-05-17T09:42:26","slug":"digileg-macht-schule","status":"publish","type":"post","link":"https:\/\/zum-portal.idea-sketch.com\/portal\/digileg-macht-schule\/","title":{"rendered":"DigiLeG macht Schule"},"content":{"rendered":"<p><strong>Das OER-Portal mit Materialien zum Lernen mit und \u00fcber digitale Medien in der Grundschule<\/strong><\/p>\n<p>Sie suchen einen Einstieg in die Verwendung digitaler Werkzeuge im Grundschulunterricht?<br \/>\nSie haben bereits Erfahrungen mit digitalen Werkzeugen gemacht und w\u00fcrden mit Ihrer Klasse gern intensiv ein spannendes Thema bearbeiten?<br \/>\nSie ben\u00f6tigen Ideen f\u00fcr f\u00e4cher\u00fcbergreifende Projekte und neue Werkzeuge, die Sie f\u00fcr Ihren Unterricht anpassen und weiterentwickeln?<br \/>\nDann sind Sie herzlich dazu eingeladen, durch unser Portal <a href=\"https:\/\/www.digileg-macht-schule.de\/\">DigiLeG macht Schule<\/a> zu st\u00f6bern. Dort finden Sie<\/p>\n<ul>\n<li>fachspezifische und fach\u00fcbergreifende Unterrichtskonzepte zum Lernen mit und \u00fcber digitale Medien f\u00fcr nahezu alle Grundschulf\u00e4cher inkl. Materialien (z.B. Arbeitsbl\u00e4tter, Videos, Anleitungen, Vorlagen), fachlicher Auseinandersetzung, Lernzielen, Kompetenzen, detailliertem Ablauf sowie weiterf\u00fchrenden Hinweisen und Literatur<\/li>\n<li>ausf\u00fchrliche Steckbriefe zu verschiedenen digitalen Werkzeugen, teilweise angereichert mit Erkl\u00e4rvideos zur Nutzung der jeweiligen Anwendung<\/li>\n<li>sowie grundlegende Informationen rund um die Fragen: Welche Potenziale bieten digitale Werkzeuge f\u00fcr den Unterricht? Worauf muss bei der Auswahl eines digitalen Werkzeugs geachtet werden? Wie setze ich digitale Werkzeuge im Grundschulunterricht ein? Was sind freie Bildungsmaterialien? Wie nutze ich freie Bildungsmaterialien? &#8230;<\/li>\n<\/ul>\n<p>\u00dcber die Such- und Filterm\u00f6glichkeiten im Portal haben Sie zudem die M\u00f6glichkeit, die f\u00fcr Sie passenden Inhalte gezielt zu finden.<br \/>\nUnsere Unterrichtskonzepte und Werkzeugsteckbriefe stehen Ihnen offen, kostenfrei und bearbeitbar auf unserem Portal zur Verf\u00fcgung. Dabei orientieren wir uns an den Grunds\u00e4tzen der freien Bildungsmaterialien, die als <i>Open Educational Resources (OER)<\/i> bezeichnet werden. Eine Registrierung ist auf dem Portal nicht notwendig.<\/p>\n<p><strong>Hintergrund des Portals<\/strong><br \/>\nDie F\u00f6rderung der Kompetenzen f\u00fcr ein Leben in der digitalen Welt ist Aufgabe f\u00fcr alle Schulformen und Schulf\u00e4cher. Das Zentrum f\u00fcr Lehrerbildung der Technischen Universit\u00e4t Chemnitz setzt mit dem Projekt <a href=\"https:\/\/www.tu-chemnitz.de\/zlb\/digileg\/#projekt\">DigiLeG \u2013 Digitale Lernumgebungen in der Grundschule<\/a> an allen Stufen der Professionalisierung von Lehrkr\u00e4ften an, indem in Seminaren gemeinsam mit Grundschullehramtsstudierenden Unterrichtskonzepte entwickelt werden, welche das Lernen mit und \u00fcber digitale Medien thematisieren. Diese werden nach einer \u00dcberarbeitung und Korrektur durch die wissenschaftlichen Mitarbeitenden des Projekts auf dem im Projekt programmierten Portal ver\u00f6ffentlicht. Durch die Nutzung des Portals erhalten Lehrkr\u00e4fte konkrete Impulse f\u00fcr die Praxis und k\u00f6nnen in der eigenen Weiterbildung und der Planung von Unterricht unterst\u00fctzt werden.<\/p>\n<p>Beispiele<br \/>\nAuf dem Portal finden Sie digitale Lernumgebungen u.a. zu den Themen<\/p>\n<ul>\n<li>Unser M\u00e4rchenbuch \u2013 Gestaltung eines Adaptable Books zu einem M\u00e4rchen (Deutsch)<\/li>\n<li>W\u00fcrfelgeb\u00e4ude digital und analog \u2013 Bob der Baumeister bei der Arbeit (Mathematik)<\/li>\n<li>Nachhaltig unterwegs \u2013 Das Fahrrad als Verkehrsmittel (Sachunterricht)<\/li>\n<li>Choreo-Baukasten \u2013 Kinder bauen eine Choreografie (Sport)<\/li>\n<li>Let\u00b4s go on a virtual trip \u2013 Virtuelle Klassenfahrt auf eine Insel mit Gather (Englisch)<\/li>\n<li>Bewegte Bilder \u2013 Daumenkinos analog und digital gestalten mit FlipKit (Kunst)<\/li>\n<li>Klimawandel \u2013 (K)ein M\u00e4rchen (Ethik)<\/li>\n<\/ul>\n<p>und Steckbriefe zu digitalen Werkzeugen, wie beispielsweise<\/p>\n<ul>\n<li>ZUMPad<\/li>\n<li>Flora Incognita<\/li>\n<li>Kinovea<\/li>\n<li>Zeeob<\/li>\n<li>Super Mario Run<\/li>\n<li>Popplet<\/li>\n<li>Knietzsches Geschichtenwerkstatt<\/li>\n<li>uvm.<\/li>\n<\/ul>\n<p><strong>F\u00f6rderhinweis<\/strong><br \/>\nDas Projekt DigiLeG wird im Rahmen der gemeinsamen \u201eQualit\u00e4tsoffensive Lehrerbildung\u201c von Bund und L\u00e4ndern aus Mitteln des Bundesministeriums f\u00fcr Bildung und Forschung gef\u00f6rdert.<\/p>\n<div class=\"shariff shariff-align-flex-start shariff-widget-align-flex-start\" style=\"display:none\" data-services=\"facebook\" data-url=\"https%3A%2F%2Fzum-portal.idea-sketch.com%2Fportal%2Fdigileg-macht-schule%2F\" data-timestamp=\"1684323746\" data-backendurl=\"https:\/\/zum-portal.idea-sketch.com\/portal\/wp-json\/shariff\/v1\/share_counts?\"><div class=\"ShariffHeadline\">Teilen<\/div><ul class=\"shariff-buttons theme-round orientation-horizontal buttonsize-medium\"><li class=\"shariff-button twitter shariff-nocustomcolor\" style=\"background-color:#32bbf5\"><a href=\"https:\/\/twitter.com\/share?url=https%3A%2F%2Fzum-portal.idea-sketch.com%2Fportal%2Fdigileg-macht-schule%2F&text=DigiLeG%20macht%20Schule\" title=\"Bei Twitter teilen\" aria-label=\"Bei Twitter teilen\" role=\"button\" rel=\"noopener nofollow\" class=\"shariff-link\" style=\"; background-color:#55acee; color:#fff\" target=\"_blank\"><span class=\"shariff-icon\" style=\"\"><svg width=\"32px\" height=\"20px\" xmlns=\"http:\/\/www.w3.org\/2000\/svg\" viewBox=\"0 0 30 32\"><path fill=\"#55acee\" d=\"M29.7 6.8q-1.2 1.8-3 3.1 0 0.3 0 0.8 0 2.5-0.7 4.9t-2.2 4.7-3.5 4-4.9 2.8-6.1 1q-5.1 0-9.3-2.7 0.6 0.1 1.5 0.1 4.3 0 7.6-2.6-2-0.1-3.5-1.2t-2.2-3q0.6 0.1 1.1 0.1 0.8 0 1.6-0.2-2.1-0.4-3.5-2.1t-1.4-3.9v-0.1q1.3 0.7 2.8 0.8-1.2-0.8-2-2.2t-0.7-2.9q0-1.7 0.8-3.1 2.3 2.8 5.5 4.5t7 1.9q-0.2-0.7-0.2-1.4 0-2.5 1.8-4.3t4.3-1.8q2.7 0 4.5 1.9 2.1-0.4 3.9-1.5-0.7 2.2-2.7 3.4 1.8-0.2 3.5-0.9z\"\/><\/svg><\/span><\/a><\/li><li class=\"shariff-button facebook shariff-nocustomcolor\" style=\"background-color:#4273c8\"><a href=\"https:\/\/www.facebook.com\/sharer\/sharer.php?u=https%3A%2F%2Fzum-portal.idea-sketch.com%2Fportal%2Fdigileg-macht-schule%2F\" title=\"Bei Facebook teilen\" aria-label=\"Bei Facebook teilen\" role=\"button\" rel=\"nofollow\" class=\"shariff-link\" style=\"; background-color:#3b5998; color:#fff\" target=\"_blank\"><span class=\"shariff-icon\" style=\"\"><svg width=\"32px\" height=\"20px\" xmlns=\"http:\/\/www.w3.org\/2000\/svg\" viewBox=\"0 0 18 32\"><path fill=\"#3b5998\" d=\"M17.1 0.2v4.7h-2.8q-1.5 0-2.1 0.6t-0.5 1.9v3.4h5.2l-0.7 5.3h-4.5v13.6h-5.5v-13.6h-4.5v-5.3h4.5v-3.9q0-3.3 1.9-5.2t5-1.8q2.6 0 4.1 0.2z\"\/><\/svg><\/span><span data-service=\"facebook\" style=\"color:#3b5998\" class=\"shariff-count shariff-hidezero\"><\/span>&nbsp;<\/a><\/li><li class=\"shariff-button whatsapp shariff-nocustomcolor shariff-mobile\" style=\"background-color:#5cbe4a\"><a href=\"https:\/\/api.whatsapp.com\/send?text=https%3A%2F%2Fzum-portal.idea-sketch.com%2Fportal%2Fdigileg-macht-schule%2F%20DigiLeG%20macht%20Schule\" title=\"Bei Whatsapp teilen\" aria-label=\"Bei Whatsapp teilen\" role=\"button\" rel=\"noopener nofollow\" class=\"shariff-link\" style=\"; background-color:#34af23; color:#fff\" target=\"_blank\"><span class=\"shariff-icon\" style=\"\"><svg width=\"32px\" height=\"20px\" xmlns=\"http:\/\/www.w3.org\/2000\/svg\" viewBox=\"0 0 32 32\"><path fill=\"#34af23\" d=\"M17.6 17.4q0.2 0 1.7 0.8t1.6 0.9q0 0.1 0 0.3 0 0.6-0.3 1.4-0.3 0.7-1.3 1.2t-1.8 0.5q-1 0-3.4-1.1-1.7-0.8-3-2.1t-2.6-3.3q-1.3-1.9-1.3-3.5v-0.1q0.1-1.6 1.3-2.8 0.4-0.4 0.9-0.4 0.1 0 0.3 0t0.3 0q0.3 0 0.5 0.1t0.3 0.5q0.1 0.4 0.6 1.6t0.4 1.3q0 0.4-0.6 1t-0.6 0.8q0 0.1 0.1 0.3 0.6 1.3 1.8 2.4 1 0.9 2.7 1.8 0.2 0.1 0.4 0.1 0.3 0 1-0.9t0.9-0.9zM14 26.9q2.3 0 4.3-0.9t3.6-2.4 2.4-3.6 0.9-4.3-0.9-4.3-2.4-3.6-3.6-2.4-4.3-0.9-4.3 0.9-3.6 2.4-2.4 3.6-0.9 4.3q0 3.6 2.1 6.6l-1.4 4.2 4.3-1.4q2.8 1.9 6.2 1.9zM14 2.2q2.7 0 5.2 1.1t4.3 2.9 2.9 4.3 1.1 5.2-1.1 5.2-2.9 4.3-4.3 2.9-5.2 1.1q-3.5 0-6.5-1.7l-7.4 2.4 2.4-7.2q-1.9-3.2-1.9-6.9 0-2.7 1.1-5.2t2.9-4.3 4.3-2.9 5.2-1.1z\"\/><\/svg><\/span><\/a><\/li><li class=\"shariff-button mailto shariff-nocustomcolor\" style=\"background-color:#a8a8a8\"><a href=\"mailto:?body=https%3A%2F%2Fzum-portal.idea-sketch.com%2Fportal%2Fdigileg-macht-schule%2F&subject=DigiLeG%20macht%20Schule\" title=\"Per E-Mail versenden\" aria-label=\"Per E-Mail versenden\" role=\"button\" rel=\"noopener nofollow\" class=\"shariff-link\" style=\"; background-color:#999; color:#fff\"><span class=\"shariff-icon\" style=\"\"><svg width=\"32px\" height=\"20px\" xmlns=\"http:\/\/www.w3.org\/2000\/svg\" viewBox=\"0 0 32 32\"><path fill=\"#999\" d=\"M32 12.7v14.2q0 1.2-0.8 2t-2 0.9h-26.3q-1.2 0-2-0.9t-0.8-2v-14.2q0.8 0.9 1.8 1.6 6.5 4.4 8.9 6.1 1 0.8 1.6 1.2t1.7 0.9 2 0.4h0.1q0.9 0 2-0.4t1.7-0.9 1.6-1.2q3-2.2 8.9-6.1 1-0.7 1.8-1.6zM32 7.4q0 1.4-0.9 2.7t-2.2 2.2q-6.7 4.7-8.4 5.8-0.2 0.1-0.7 0.5t-1 0.7-0.9 0.6-1.1 0.5-0.9 0.2h-0.1q-0.4 0-0.9-0.2t-1.1-0.5-0.9-0.6-1-0.7-0.7-0.5q-1.6-1.1-4.7-3.2t-3.6-2.6q-1.1-0.7-2.1-2t-1-2.5q0-1.4 0.7-2.3t2.1-0.9h26.3q1.2 0 2 0.8t0.9 2z\"\/><\/svg><\/span><\/a><\/li><\/ul><\/div>","protected":false},"excerpt":{"rendered":"<p>Das OER-Portal mit Materialien zum Lernen mit und \u00fcber digitale Medien in der Grundschule Sie suchen einen Einstieg in die Verwendung digitaler Werkzeuge im Grundschulunterricht? Sie haben bereits Erfahrungen mit [&hellip;]<\/p>\n","protected":false},"author":278,"featured_media":23265,"comment_status":"closed","ping_status":"closed","sticky":false,"template":"","format":"standard","meta":{"gastautor_name":"","gastautor_foto":"","gastautor_funktion":"","gastautor_beschreibung":"","gastautor_css":"","testimonial_foto":"","testimonial_funktion":"","testimonial_zitat":"","testimonial_css":"","zum_angebot_logo":"","zum_angebot_farbe":"","zum_angebot_link":"","zum_angebot_beschreibung":"","footnotes":""},"categories":[1],"tags":[16463,16464,15522],"class_list":["post-23264","post","type-post","status-publish","format-standard","has-post-thumbnail","hentry","category-allgemein","tag-lehrerbildung","tag-digitale-kompetenzen","tag-grundschule"],"acf":{"gastbeitrag":"1","titel_name":"","foto_gast":23266,"beschreibung_des_gastautor":"Katrina K\u00f6rner und Gesine Andersen sind wissenschaftliche Mitarbeiterinnen im BMBF-Projekt \u201eDigiLeG \u2013 Digitale Lernumgebungen in der Grundschule\u201c am Zentrum f\u00fcr Lehrerbildung der Technischen Universit\u00e4t Chemnitz."},"_links":{"self":[{"href":"https:\/\/zum-portal.idea-sketch.com\/portal\/wp-json\/wp\/v2\/posts\/23264","targetHints":{"allow":["GET"]}}],"collection":[{"href":"https:\/\/zum-portal.idea-sketch.com\/portal\/wp-json\/wp\/v2\/posts"}],"about":[{"href":"https:\/\/zum-portal.idea-sketch.com\/portal\/wp-json\/wp\/v2\/types\/post"}],"author":[{"embeddable":true,"href":"https:\/\/zum-portal.idea-sketch.com\/portal\/wp-json\/wp\/v2\/users\/278"}],"replies":[{"embeddable":true,"href":"https:\/\/zum-portal.idea-sketch.com\/portal\/wp-json\/wp\/v2\/comments?post=23264"}],"version-history":[{"count":8,"href":"https:\/\/zum-portal.idea-sketch.com\/portal\/wp-json\/wp\/v2\/posts\/23264\/revisions"}],"predecessor-version":[{"id":23276,"href":"https:\/\/zum-portal.idea-sketch.com\/portal\/wp-json\/wp\/v2\/posts\/23264\/revisions\/23276"}],"wp:featuredmedia":[{"embeddable":true,"href":"https:\/\/zum-portal.idea-sketch.com\/portal\/wp-json\/wp\/v2\/media\/23265"}],"wp:attachment":[{"href":"https:\/\/zum-portal.idea-sketch.com\/portal\/wp-json\/wp\/v2\/media?parent=23264"}],"wp:term":[{"taxonomy":"category","embeddable":true,"href":"https:\/\/zum-portal.idea-sketch.com\/portal\/wp-json\/wp\/v2\/categories?post=23264"},{"taxonomy":"post_tag","embeddable":true,"href":"https:\/\/zum-portal.idea-sketch.com\/portal\/wp-json\/wp\/v2\/tags?post=23264"}],"curies":[{"name":"wp","href":"https:\/\/api.w.org\/{rel}","templated":true}]}}